{"id":2230,"date":"2016-03-12T15:10:26","date_gmt":"2016-03-12T14:10:26","guid":{"rendered":"http:\/\/monsieurcliff.com\/?p=2230"},"modified":"2016-03-12T15:12:31","modified_gmt":"2016-03-12T14:12:31","slug":"artiste-james-jean","status":"publish","type":"post","link":"https:\/\/monsieurcliff.com\/?p=2230","title":{"rendered":"[Artiste] &#8211; James Jean."},"content":{"rendered":"<p><img loading=\"lazy\" decoding=\"async\" class=\"aligncenter size-full wp-image-2231\" src=\"https:\/\/monsieurcliff.com\/wp-content\/uploads\/2016\/03\/Bandeau-James-Jean-001.jpg\" alt=\"Bandeau James Jean - 001\" width=\"800\" height=\"200\" srcset=\"https:\/\/monsieurcliff.com\/wp-content\/uploads\/2016\/03\/Bandeau-James-Jean-001.jpg 800w, https:\/\/monsieurcliff.com\/wp-content\/uploads\/2016\/03\/Bandeau-James-Jean-001-300x75.jpg 300w, https:\/\/monsieurcliff.com\/wp-content\/uploads\/2016\/03\/Bandeau-James-Jean-001-768x192.jpg 768w\" sizes=\"auto, (max-width: 800px) 100vw, 800px\" \/><\/p>\n<p>C&rsquo;est au tour de James Jean, un\u00a0peintre, illustrateur, dessinateur originaire de l&rsquo;\u00eele de Ta\u00efwan et de nationalit\u00e9 nord-am\u00e9ricaine d&rsquo;\u00eatre pr\u00e9sent\u00e9 sur ce blog. Principalement connu pour son travail d&rsquo;illustration de couverture de la s\u00e9rie <a href=\"https:\/\/fr.wikipedia.org\/wiki\/Fables_%28comics%29\" target=\"_blank\"><em>Fables<\/em><\/a>, il a aussi travaill\u00e9 pour la marque Prada, expose ses r\u00e9alisations en galerie ou pratique son art en \u00ab\u00a0live\u00a0\u00bb. D\u00e9couvert totalement par hasard avec un livre ( <a href=\"http:\/\/www.parkablogs.com\/content\/book-review-fables-covers-art-of-james-jean-vol-1\" target=\"_blank\">voir chez Parka Blogs<\/a> ), je vous laisse approfondir avec ce qui va suivre.<\/p>\n<p><iframe loading=\"lazy\" src=\"https:\/\/www.youtube.com\/embed\/_HcfZTDMJ2M\" width=\"800\" height=\"600\" frameborder=\"0\" allowfullscreen=\"allowfullscreen\"><\/iframe><\/p>\n<p style=\"text-align: center;\"><a href=\"http:\/\/www.jamesjean.com\/\" target=\"_blank\">&#8211; Le site de James Jean. &#8211;<\/a><\/p>\n<p style=\"text-align: center;\"><a href=\"http:\/\/jamesjeanart.tumblr.com\/\" target=\"_blank\">&#8211; James Jean sur Tumblr. &#8211;<\/a><\/p>\n<p style=\"text-align: center;\"><a href=\"https:\/\/www.instagram.com\/jamesjeanart\/\" target=\"_blank\">&#8211; James Jean sur Instagram. &#8211;<\/a><\/p>\n<p style=\"text-align: center;\"><a href=\"https:\/\/fr.wikipedia.org\/wiki\/James_Jean\" target=\"_blank\">&#8211; La fiche Wikip\u00e9dia de James Jean. &#8211;<\/a><\/p>\n","protected":false},"excerpt":{"rendered":"<p>C&rsquo;est au tour de James Jean, un\u00a0peintre, illustrateur, dessinateur originaire de l&rsquo;\u00eele de Ta\u00efwan et de nationalit\u00e9 nord-am\u00e9ricaine d&rsquo;\u00eatre pr\u00e9sent\u00e9 sur ce blog. Principalement connu pour son travail d&rsquo;illustration de couverture de la s\u00e9rie Fables, il a aussi travaill\u00e9 pour la marque Prada, expose ses r\u00e9alisations en galerie ou pratique son art en \u00ab\u00a0live\u00a0\u00bb. D\u00e9couvert [&hellip;]<\/p>\n","protected":false},"author":1,"featured_media":0,"comment_status":"open","ping_status":"open","sticky":false,"template":"","format":"standard","meta":{"_crdt_document":"","jetpack_post_was_ever_published":false,"_jetpack_newsletter_access":"","_jetpack_dont_email_post_to_subs":false,"_jetpack_newsletter_tier_id":0,"_jetpack_memberships_contains_paywalled_content":false,"_jetpack_memberships_contains_paid_content":false,"footnotes":"","jetpack_publicize_message":"","jetpack_publicize_feature_enabled":true,"jetpack_social_post_already_shared":true,"jetpack_social_options":{"image_generator_settings":{"template":"highway","default_image_id":0,"font":"","enabled":false},"version":2}},"categories":[1],"tags":[37,11,5,39],"class_list":["post-2230","post","type-post","status-publish","format-standard","hentry","category-non-classe","tag-2d","tag-dessin","tag-illustration","tag-peinture"],"jetpack_publicize_connections":[],"jetpack_featured_media_url":"","jetpack_shortlink":"https:\/\/wp.me\/p5g5SG-zY","jetpack_sharing_enabled":true,"_links":{"self":[{"href":"https:\/\/monsieurcliff.com\/index.php?rest_route=\/wp\/v2\/posts\/2230","targetHints":{"allow":["GET"]}}],"collection":[{"href":"https:\/\/monsieurcliff.com\/index.php?rest_route=\/wp\/v2\/posts"}],"about":[{"href":"https:\/\/monsieurcliff.com\/index.php?rest_route=\/wp\/v2\/types\/post"}],"author":[{"embeddable":true,"href":"https:\/\/monsieurcliff.com\/index.php?rest_route=\/wp\/v2\/users\/1"}],"replies":[{"embeddable":true,"href":"https:\/\/monsieurcliff.com\/index.php?rest_route=%2Fwp%2Fv2%2Fcomments&post=2230"}],"version-history":[{"count":2,"href":"https:\/\/monsieurcliff.com\/index.php?rest_route=\/wp\/v2\/posts\/2230\/revisions"}],"predecessor-version":[{"id":2233,"href":"https:\/\/monsieurcliff.com\/index.php?rest_route=\/wp\/v2\/posts\/2230\/revisions\/2233"}],"wp:attachment":[{"href":"https:\/\/monsieurcliff.com\/index.php?rest_route=%2Fwp%2Fv2%2Fmedia&parent=2230"}],"wp:term":[{"taxonomy":"category","embeddable":true,"href":"https:\/\/monsieurcliff.com\/index.php?rest_route=%2Fwp%2Fv2%2Fcategories&post=2230"},{"taxonomy":"post_tag","embeddable":true,"href":"https:\/\/monsieurcliff.com\/index.php?rest_route=%2Fwp%2Fv2%2Ftags&post=2230"}],"curies":[{"name":"wp","href":"https:\/\/api.w.org\/{rel}","templated":true}]}}