{"id":1724,"date":"2015-08-05T10:00:31","date_gmt":"2015-08-05T08:00:31","guid":{"rendered":"http:\/\/monsieurcliff.com\/?p=1724"},"modified":"2015-08-04T15:53:28","modified_gmt":"2015-08-04T13:53:28","slug":"artiste-jean-claude-mezieres","status":"publish","type":"post","link":"https:\/\/monsieurcliff.com\/?p=1724","title":{"rendered":"[Artiste] &#8211; Jean-Claude M\u00e9zi\u00e8res."},"content":{"rendered":"<p><img loading=\"lazy\" decoding=\"async\" class=\"aligncenter size-full wp-image-1725\" src=\"https:\/\/monsieurcliff.com\/wp-content\/uploads\/2015\/08\/Bandeau-Jean-Claude-M\u00e9zi\u00e8res-001.jpg\" alt=\"Bandeau Jean-Claude M\u00e9zi\u00e8res - 001\" width=\"800\" height=\"200\" srcset=\"https:\/\/monsieurcliff.com\/wp-content\/uploads\/2015\/08\/Bandeau-Jean-Claude-M\u00e9zi\u00e8res-001.jpg 800w, https:\/\/monsieurcliff.com\/wp-content\/uploads\/2015\/08\/Bandeau-Jean-Claude-M\u00e9zi\u00e8res-001-300x75.jpg 300w\" sizes=\"auto, (max-width: 800px) 100vw, 800px\" \/><\/p>\n<p>Jean-Claude M\u00e9zi\u00e8res est un dessinateur de bande dessin\u00e9e fran\u00e7ais qui exerce avec talent depuis le si\u00e8cle dernier. Il <img loading=\"lazy\" decoding=\"async\" class=\" size-full wp-image-1726 alignright\" src=\"https:\/\/monsieurcliff.com\/wp-content\/uploads\/2015\/08\/Portrait-Jean-Claude-M\u00e9zi\u00e8res.jpg\" alt=\"Portrait Jean-Claude M\u00e9zi\u00e8res\" width=\"128\" height=\"128\" \/>est principalement connu en tant que p\u00e8re de la s\u00e9rie <em>Val\u00e9rian et Laureline<\/em> avec,\u00a0aux sc\u00e9narios, son complice <a href=\"https:\/\/fr.wikipedia.org\/wiki\/Pierre_Christin\" target=\"_blank\">Pierre Christin <\/a>dont l&rsquo;adaptation cin\u00e9matographique a <a href=\"http:\/\/www.premiere.fr\/Cinema\/News-Cinema\/Valerian-de-Luc-Besson-Une-adaptation-sur-grand-ecran-est-tres-pertinente-4179886\" target=\"_blank\">\u00e9t\u00e9 annonc\u00e9e en mai dernier<\/a>.<\/p>\n<p>Pour sa biographie compl\u00e8te se reportera plus bas sur le lien qui pointe vers Wikip\u00e9dia parce que c&rsquo;est juste trop gros a r\u00e9sumer.<\/p>\n<p>C&rsquo;est pour une conf\u00e9rence en deux parties qu&rsquo;il a donn\u00e9 \u00e0 l&rsquo;Universit\u00e9 de Neuch\u00e2tel en 2011 que je le passe ici. Un homme que j&rsquo;avais d\u00e9j\u00e0 trouv\u00e9 tr\u00e8s agr\u00e9able dans le documentaire\u00a0<a href=\"https:\/\/fr.wikipedia.org\/wiki\/L%27Histoire_de_la_page_52\" target=\"_blank\"><em>L&rsquo;Histoire de la page 52<\/em><\/a> et qui a beaucoup \u00e0 transmettre &#8230;<\/p>\n<p><iframe loading=\"lazy\" src=\"https:\/\/www.youtube.com\/embed\/gdFqSd11XJ8\" width=\"800\" height=\"600\" frameborder=\"0\" allowfullscreen=\"allowfullscreen\"><\/iframe><\/p>\n<p><iframe loading=\"lazy\" src=\"https:\/\/www.youtube.com\/embed\/l66lEgQbcx0\" width=\"800\" height=\"600\" frameborder=\"0\" allowfullscreen=\"allowfullscreen\"><\/iframe><\/p>\n<p style=\"text-align: center;\"><a href=\"http:\/\/www.noosfere.org\/mezieres\/\" target=\"_blank\">&#8211; Le site officiel de Jean-Claude M\u00e9zi\u00e8res. &#8211;<\/a><\/p>\n<p style=\"text-align: center;\"><a href=\"https:\/\/fr.wikipedia.org\/wiki\/Jean-Claude_M%C3%A9zi%C3%A8res\" target=\"_blank\">&#8211; La fiche Wikip\u00e9dia de Jean-Claude M\u00e9zi\u00e8res. &#8211;<\/a><\/p>\n","protected":false},"excerpt":{"rendered":"<p>Jean-Claude M\u00e9zi\u00e8res est un dessinateur de bande dessin\u00e9e fran\u00e7ais qui exerce avec talent depuis le si\u00e8cle dernier. Il est principalement connu en tant que p\u00e8re de la s\u00e9rie Val\u00e9rian et Laureline avec,\u00a0aux sc\u00e9narios, son complice Pierre Christin dont l&rsquo;adaptation cin\u00e9matographique a \u00e9t\u00e9 annonc\u00e9e en mai dernier. Pour sa biographie compl\u00e8te se reportera plus bas sur [&hellip;]<\/p>\n","protected":false},"author":1,"featured_media":0,"comment_status":"open","ping_status":"open","sticky":false,"template":"","format":"standard","meta":{"_crdt_document":"","jetpack_post_was_ever_published":false,"_jetpack_newsletter_access":"","_jetpack_dont_email_post_to_subs":false,"_jetpack_newsletter_tier_id":0,"_jetpack_memberships_contains_paywalled_content":false,"_jetpack_memberships_contains_paid_content":false,"footnotes":"","jetpack_publicize_message":"","jetpack_publicize_feature_enabled":true,"jetpack_social_post_already_shared":true,"jetpack_social_options":{"image_generator_settings":{"template":"highway","default_image_id":0,"font":"","enabled":false},"version":2}},"categories":[1],"tags":[37,25,8],"class_list":["post-1724","post","type-post","status-publish","format-standard","hentry","category-non-classe","tag-2d","tag-bande-dessinee","tag-dessins"],"jetpack_publicize_connections":[],"jetpack_featured_media_url":"","jetpack_shortlink":"https:\/\/wp.me\/p5g5SG-rO","jetpack_sharing_enabled":true,"_links":{"self":[{"href":"https:\/\/monsieurcliff.com\/index.php?rest_route=\/wp\/v2\/posts\/1724","targetHints":{"allow":["GET"]}}],"collection":[{"href":"https:\/\/monsieurcliff.com\/index.php?rest_route=\/wp\/v2\/posts"}],"about":[{"href":"https:\/\/monsieurcliff.com\/index.php?rest_route=\/wp\/v2\/types\/post"}],"author":[{"embeddable":true,"href":"https:\/\/monsieurcliff.com\/index.php?rest_route=\/wp\/v2\/users\/1"}],"replies":[{"embeddable":true,"href":"https:\/\/monsieurcliff.com\/index.php?rest_route=%2Fwp%2Fv2%2Fcomments&post=1724"}],"version-history":[{"count":5,"href":"https:\/\/monsieurcliff.com\/index.php?rest_route=\/wp\/v2\/posts\/1724\/revisions"}],"predecessor-version":[{"id":1732,"href":"https:\/\/monsieurcliff.com\/index.php?rest_route=\/wp\/v2\/posts\/1724\/revisions\/1732"}],"wp:attachment":[{"href":"https:\/\/monsieurcliff.com\/index.php?rest_route=%2Fwp%2Fv2%2Fmedia&parent=1724"}],"wp:term":[{"taxonomy":"category","embeddable":true,"href":"https:\/\/monsieurcliff.com\/index.php?rest_route=%2Fwp%2Fv2%2Fcategories&post=1724"},{"taxonomy":"post_tag","embeddable":true,"href":"https:\/\/monsieurcliff.com\/index.php?rest_route=%2Fwp%2Fv2%2Ftags&post=1724"}],"curies":[{"name":"wp","href":"https:\/\/api.w.org\/{rel}","templated":true}]}}